{"id":12957,"date":"2018-04-26T14:48:34","date_gmt":"2018-04-26T12:48:34","guid":{"rendered":"https:\/\/www.behome-mallorca.com\/de\/?p=12957"},"modified":"2018-04-29T10:49:19","modified_gmt":"2018-04-29T08:49:19","slug":"fruehlingserwachen-auf-der-insel","status":"publish","type":"post","link":"https:\/\/www.behome-mallorca.com\/de\/fruehlingserwachen-auf-der-insel\/","title":{"rendered":"Fr\u00fchlingserwachen auf der Insel"},"content":{"rendered":"<p>Hallo Ihr Lieben,<\/p>\n<p>K\u00f6nnt ihr es auch schon f\u00fchlen, die ersten Sonnenstrahlen, der frische Duft der Blumen, die Meeresbrise? Jetzt erwacht die Insel wieder aus dem Winterschlaf. F\u00fcr uns, eine der sch\u00f6nsten Jahreszeiten auf Mallorca. Diese Zeit bringt auch wieder viele Sportbegeisterte auf die Insel.<\/p>\n<p>Mit dem Fr\u00fchling hat auch die Sportsaison begonnen. Radfahren, Segeln, Golfen oder Yoga, auf der Insel ist jede Lieblingsaktivit\u00e4t m\u00f6glich.<\/p>\n<p>Ob als Freizeitaktivit\u00e4t, professionelles Sporttraining oder auch nur als Spaziertour, Mallorca bietet euch eine Vielzahl an Radfahrm\u00f6glichkeiten. Es gibt viele offiziell markierte Routen mit zusammen mehr als 350 Kilometern Strecke, Infos dazu bekommt ihr in einer viersprachigen\u00a0<a href=\"http:\/\/www.infomallorca.net\/?lg=de\">Brosch\u00fcre<\/a>\u00a0des Amtes f\u00fcr Tourismus. Auf geht\u2019s!<br \/>\nF\u00fcr alle Segelfans ist das Highlight des Jahres die\u00a0<a href=\"http:\/\/www.boatshowpalma.com\/de\/\">Internationale Boat Show Palma<\/a>, auf der man bis zu 600 Boote bewundern kann. Sie findet vom 27. April bis 1. Mai statt und verspricht jetzt schon die Gr\u00f6\u00dfte bis dato zu werden.<\/p>\n<p>Golfer haben die Qual der Wahl auf der Insel. Anspruchsvolle Golfpl\u00e4tze sind \u00fcberall zu finden. Einige nennenswerte in unserer Region sind der\u00a0<a href=\"http:\/\/valldorgolfclub.com\/golfclub\/intro_all.php\">Vall D\u2019Or Golf<\/a>\u00a0in Portocolom mit herrlichem Ausblick auf das Umland,\u00a0<a href=\"http:\/\/www.reservarotana.com\/de\/contacto\/\">Reserva Rotana<\/a>\u00a0bei Manacor mit erstklassigem Service und Restauration,\u00a0<a href=\"http:\/\/www.pulagolf.com\/AL\/hotel.html\">Pula Golf<\/a>\u00a0in Son Servera und\u00a0<a href=\"http:\/\/de.sonantemgolf.com\/\">Son Antem Golf<\/a>\u00a0in Llucmajor.<\/p>\n<p>Wenn ihr nicht nur f\u00fcr euren K\u00f6rper, sondern auch f\u00fcr Geist und Seele etwas tun m\u00f6chtet, wartet im\u00a0<a href=\"http:\/\/calreiet.com\/de\/\">Cal Reiet<\/a>\u00a0in Santanyi ein Yoga Retreat auf euch. Das wundersch\u00f6ne Ambiente dieses Boutique-Hotels ist einzigartig und hilft beim Entspannen und Energie tanken. Au\u00dferdem kommen dort Veganer auf ihre Kosten.<\/p>\n<p>Ein ganz spezieller Geheimtipp f\u00fcr eine besonders erholsame Massage, die auch noch die letzten Lasten des Alltags verschwinden lassen wird, ist die Ayurvedatherapeutin Pia Rodriguez. F\u00fcr mehr Informationen zu einer unvergesslichen Behandlung k\u00f6nnt ihr\u00a0<a href=\"http:\/\/www.ayurveda-impuls-mallorca.com\/index.php\/kontakt\">hier<\/a>\u00a0klicken. Auch wenn der Name spanisch klingt ist sie deutsche, also keine Angst beim Termin vereinbaren unter +34 680 496 995.<\/p>\n<p>Nach dem Sport was Gutes f\u00fcr den Gaumen\u2026 dazu haben wir sch\u00f6ne Pl\u00e4tze f\u00fcr euch.<br \/>\nEinige der sch\u00f6nsten Terrassen mit fantastischem Meerblick, auf denen man die Sonne genie\u00dfen kann und w\u00e4hrenddessen seinen Gaumen verw\u00f6hnt geh\u00f6ren zu unseren empfehlenswerten Restaurants:\u00a0<a href=\"http:\/\/www.restaurantsallotjaportocolom.com\/de\/index.php\">Sa Llotja<\/a>\u00a0in Portocolom,\u00a0<a href=\"http:\/\/restaurantemaxime.com\/\">M\u00e1xime<\/a>\u00a0im Golf Vall D\u2019Or und\u00a0<a href=\"http:\/\/www.portpetit.com\/introall.html\">Por<\/a>t\u00a0<a href=\"http:\/\/www.portpetit.com\/introall.html\">Petit<\/a>\u00a0in Cala D\u2019or. Auch in Porto Petro in\u00a0<a href=\"http:\/\/restaurantnapetra.com\/de\/\">Can Petra<\/a>\u00a0sitzt man wundersch\u00f6n am Hafen. Lasst euch von den schmackhaften Men\u00fcs \u00fcberraschen!<\/p>\n<p>Wir hoffen, ihr genie\u00dft die wundersch\u00f6ne Fr\u00fchlingszeit auf unserer Insel und w\u00fcnschen euch viel Freude beim Mallorca erleben mit allen Sinnen.<\/p>\n<img fetchpriority=\"high\" decoding=\"async\" class=\"signaturbild aligncenter wp-image-13028 size-full\" src=\"https:\/\/www.behome-mallorca.com\/wp-content\/uploads\/2018\/04\/signatur-newsletter-201804.jpg\" alt=\"signatur-newsletter-201804\" width=\"600\" height=\"174\" \/>\n","protected":false},"excerpt":{"rendered":"<p>Hallo Ihr Lieben, K\u00f6nnt ihr es auch schon f\u00fchlen, die ersten Sonnenstrahlen, der frische Duft der Blumen, die Meeresbrise? Jetzt erwacht die Insel wieder aus dem Winterschlaf. F\u00fcr uns, eine der sch\u00f6nsten Jahreszeiten auf Mallorca. Diese Zeit bringt auch wieder viele Sportbegeisterte auf die Insel. Mit dem Fr\u00fchling hat auch die Sportsaison begonnen. Radfahren, Segeln, [&hellip;]<\/p>\n","protected":false},"author":7,"featured_media":12958,"comment_status":"open","ping_status":"open","sticky":false,"template":"","format":"standard","meta":{"_acf_changed":false,"footnotes":""},"categories":[82],"tags":[],"class_list":["post-12957","post","type-post","status-publish","format-standard","has-post-thumbnail","hentry","category-news-de"],"acf":[],"yoast_head":"<!-- This site is optimized with the Yoast SEO plugin v26.4 - https:\/\/yoast.com\/wordpress\/plugins\/seo\/ -->\n<title>Fr\u00fchlingserwachen auf der Insel - BeHome Mallorca<\/title>\n<meta name=\"robots\" content=\"index, follow, max-snippet:-1, max-image-preview:large, max-video-preview:-1\" \/>\n<link rel=\"canonical\" href=\"https:\/\/www.behome-mallorca.com\/de\/fruehlingserwachen-auf-der-insel\/\" \/>\n<meta property=\"og:locale\" content=\"de_DE\" \/>\n<meta property=\"og:type\" content=\"article\" \/>\n<meta property=\"og:title\" content=\"Fr\u00fchlingserwachen auf der Insel - BeHome Mallorca\" \/>\n<meta property=\"og:description\" content=\"Hallo Ihr Lieben, K\u00f6nnt ihr es auch schon f\u00fchlen, die ersten Sonnenstrahlen, der frische Duft der Blumen, die Meeresbrise? Jetzt erwacht die Insel wieder aus dem Winterschlaf. F\u00fcr uns, eine der sch\u00f6nsten Jahreszeiten auf Mallorca. Diese Zeit bringt auch wieder viele Sportbegeisterte auf die Insel. Mit dem Fr\u00fchling hat auch die Sportsaison begonnen. Radfahren, Segeln, [&hellip;]\" \/>\n<meta property=\"og:url\" content=\"https:\/\/www.behome-mallorca.com\/de\/fruehlingserwachen-auf-der-insel\/\" \/>\n<meta property=\"og:site_name\" content=\"BeHome Mallorca\" \/>\n<meta property=\"article:publisher\" content=\"https:\/\/www.facebook.com\/BeHomeMallorca\" \/>\n<meta property=\"article:published_time\" content=\"2018-04-26T12:48:34+00:00\" \/>\n<meta property=\"article:modified_time\" content=\"2018-04-29T08:49:19+00:00\" \/>\n<meta property=\"og:image\" content=\"https:\/\/www.behome-mallorca.com\/wp-content\/uploads\/2018\/04\/e8733255-8aa5-4ef9-8780-6a924000c96c.jpg\" \/>\n\t<meta property=\"og:image:width\" content=\"600\" \/>\n\t<meta property=\"og:image:height\" content=\"419\" \/>\n\t<meta property=\"og:image:type\" content=\"image\/jpeg\" \/>\n<meta name=\"author\" content=\"Marcus M\u00f6ller\" \/>\n<meta name=\"twitter:card\" content=\"summary_large_image\" \/>\n<meta name=\"twitter:creator\" content=\"@behomemallorca\" \/>\n<meta name=\"twitter:site\" content=\"@behomemallorca\" \/>\n<meta name=\"twitter:label1\" content=\"Verfasst von\" \/>\n\t<meta name=\"twitter:data1\" content=\"Marcus M\u00f6ller\" \/>\n\t<meta name=\"twitter:label2\" content=\"Gesch\u00e4tzte Lesezeit\" \/>\n\t<meta name=\"twitter:data2\" content=\"2\u00a0Minuten\" \/>\n<script type=\"application\/ld+json\" class=\"yoast-schema-graph\">{\"@context\":\"https:\/\/schema.org\",\"@graph\":[{\"@type\":\"Article\",\"@id\":\"https:\/\/www.behome-mallorca.com\/de\/fruehlingserwachen-auf-der-insel\/#article\",\"isPartOf\":{\"@id\":\"https:\/\/www.behome-mallorca.com\/de\/fruehlingserwachen-auf-der-insel\/\"},\"author\":{\"name\":\"Marcus M\u00f6ller\",\"@id\":\"https:\/\/www.behome-mallorca.com\/#\/schema\/person\/6de0b9dd15cf65eeed8772779fd3d7d1\"},\"headline\":\"Fr\u00fchlingserwachen auf der Insel\",\"datePublished\":\"2018-04-26T12:48:34+00:00\",\"dateModified\":\"2018-04-29T08:49:19+00:00\",\"mainEntityOfPage\":{\"@id\":\"https:\/\/www.behome-mallorca.com\/de\/fruehlingserwachen-auf-der-insel\/\"},\"wordCount\":441,\"commentCount\":0,\"publisher\":{\"@id\":\"https:\/\/www.behome-mallorca.com\/#organization\"},\"image\":{\"@id\":\"https:\/\/www.behome-mallorca.com\/de\/fruehlingserwachen-auf-der-insel\/#primaryimage\"},\"thumbnailUrl\":\"https:\/\/www.behome-mallorca.com\/wp-content\/uploads\/2018\/04\/e8733255-8aa5-4ef9-8780-6a924000c96c.jpg\",\"articleSection\":[\"Neuigkeiten\"],\"inLanguage\":\"de\",\"potentialAction\":[{\"@type\":\"CommentAction\",\"name\":\"Comment\",\"target\":[\"https:\/\/www.behome-mallorca.com\/de\/fruehlingserwachen-auf-der-insel\/#respond\"]}]},{\"@type\":\"WebPage\",\"@id\":\"https:\/\/www.behome-mallorca.com\/de\/fruehlingserwachen-auf-der-insel\/\",\"url\":\"https:\/\/www.behome-mallorca.com\/de\/fruehlingserwachen-auf-der-insel\/\",\"name\":\"Fr\u00fchlingserwachen auf der Insel - BeHome Mallorca\",\"isPartOf\":{\"@id\":\"https:\/\/www.behome-mallorca.com\/#website\"},\"primaryImageOfPage\":{\"@id\":\"https:\/\/www.behome-mallorca.com\/de\/fruehlingserwachen-auf-der-insel\/#primaryimage\"},\"image\":{\"@id\":\"https:\/\/www.behome-mallorca.com\/de\/fruehlingserwachen-auf-der-insel\/#primaryimage\"},\"thumbnailUrl\":\"https:\/\/www.behome-mallorca.com\/wp-content\/uploads\/2018\/04\/e8733255-8aa5-4ef9-8780-6a924000c96c.jpg\",\"datePublished\":\"2018-04-26T12:48:34+00:00\",\"dateModified\":\"2018-04-29T08:49:19+00:00\",\"breadcrumb\":{\"@id\":\"https:\/\/www.behome-mallorca.com\/de\/fruehlingserwachen-auf-der-insel\/#breadcrumb\"},\"inLanguage\":\"de\",\"potentialAction\":[{\"@type\":\"ReadAction\",\"target\":[\"https:\/\/www.behome-mallorca.com\/de\/fruehlingserwachen-auf-der-insel\/\"]}]},{\"@type\":\"ImageObject\",\"inLanguage\":\"de\",\"@id\":\"https:\/\/www.behome-mallorca.com\/de\/fruehlingserwachen-auf-der-insel\/#primaryimage\",\"url\":\"https:\/\/www.behome-mallorca.com\/wp-content\/uploads\/2018\/04\/e8733255-8aa5-4ef9-8780-6a924000c96c.jpg\",\"contentUrl\":\"https:\/\/www.behome-mallorca.com\/wp-content\/uploads\/2018\/04\/e8733255-8aa5-4ef9-8780-6a924000c96c.jpg\",\"width\":600,\"height\":419},{\"@type\":\"BreadcrumbList\",\"@id\":\"https:\/\/www.behome-mallorca.com\/de\/fruehlingserwachen-auf-der-insel\/#breadcrumb\",\"itemListElement\":[{\"@type\":\"ListItem\",\"position\":1,\"name\":\"Home\",\"item\":\"https:\/\/www.behome-mallorca.com\/de\/\"},{\"@type\":\"ListItem\",\"position\":2,\"name\":\"Fr\u00fchlingserwachen auf der Insel\"}]},{\"@type\":\"WebSite\",\"@id\":\"https:\/\/www.behome-mallorca.com\/#website\",\"url\":\"https:\/\/www.behome-mallorca.com\/\",\"name\":\"BeHome Mallorca\",\"description\":\"Houses to live in\",\"publisher\":{\"@id\":\"https:\/\/www.behome-mallorca.com\/#organization\"},\"potentialAction\":[{\"@type\":\"SearchAction\",\"target\":{\"@type\":\"EntryPoint\",\"urlTemplate\":\"https:\/\/www.behome-mallorca.com\/?s={search_term_string}\"},\"query-input\":{\"@type\":\"PropertyValueSpecification\",\"valueRequired\":true,\"valueName\":\"search_term_string\"}}],\"inLanguage\":\"de\"},{\"@type\":\"Organization\",\"@id\":\"https:\/\/www.behome-mallorca.com\/#organization\",\"name\":\"BeHome Mallorca\",\"url\":\"https:\/\/www.behome-mallorca.com\/\",\"logo\":{\"@type\":\"ImageObject\",\"inLanguage\":\"de\",\"@id\":\"https:\/\/www.behome-mallorca.com\/#\/schema\/logo\/image\/\",\"url\":\"https:\/\/www.behome-mallorca.com\/wp-content\/uploads\/2021\/02\/logo-black-gold.svg\",\"contentUrl\":\"https:\/\/www.behome-mallorca.com\/wp-content\/uploads\/2021\/02\/logo-black-gold.svg\",\"caption\":\"BeHome Mallorca\"},\"image\":{\"@id\":\"https:\/\/www.behome-mallorca.com\/#\/schema\/logo\/image\/\"},\"sameAs\":[\"https:\/\/www.facebook.com\/BeHomeMallorca\",\"https:\/\/x.com\/behomemallorca\"]},{\"@type\":\"Person\",\"@id\":\"https:\/\/www.behome-mallorca.com\/#\/schema\/person\/6de0b9dd15cf65eeed8772779fd3d7d1\",\"name\":\"Marcus M\u00f6ller\",\"image\":{\"@type\":\"ImageObject\",\"inLanguage\":\"de\",\"@id\":\"https:\/\/www.behome-mallorca.com\/#\/schema\/person\/image\/\",\"url\":\"https:\/\/secure.gravatar.com\/avatar\/54f9646202a209a78029198f019147cf629b6fc5c294113a58cf1cbcee2f5035?s=96&d=mm&r=g\",\"contentUrl\":\"https:\/\/secure.gravatar.com\/avatar\/54f9646202a209a78029198f019147cf629b6fc5c294113a58cf1cbcee2f5035?s=96&d=mm&r=g\",\"caption\":\"Marcus M\u00f6ller\"},\"sameAs\":[\"http:\/\/www.potsdamwebdesign.de\"]}]}<\/script>\n<!-- \/ Yoast SEO plugin. -->","yoast_head_json":{"title":"Fr\u00fchlingserwachen auf der Insel - BeHome Mallorca","robots":{"index":"index","follow":"follow","max-snippet":"max-snippet:-1","max-image-preview":"max-image-preview:large","max-video-preview":"max-video-preview:-1"},"canonical":"https:\/\/www.behome-mallorca.com\/de\/fruehlingserwachen-auf-der-insel\/","og_locale":"de_DE","og_type":"article","og_title":"Fr\u00fchlingserwachen auf der Insel - BeHome Mallorca","og_description":"Hallo Ihr Lieben, K\u00f6nnt ihr es auch schon f\u00fchlen, die ersten Sonnenstrahlen, der frische Duft der Blumen, die Meeresbrise? Jetzt erwacht die Insel wieder aus dem Winterschlaf. F\u00fcr uns, eine der sch\u00f6nsten Jahreszeiten auf Mallorca. Diese Zeit bringt auch wieder viele Sportbegeisterte auf die Insel. Mit dem Fr\u00fchling hat auch die Sportsaison begonnen. Radfahren, Segeln, [&hellip;]","og_url":"https:\/\/www.behome-mallorca.com\/de\/fruehlingserwachen-auf-der-insel\/","og_site_name":"BeHome Mallorca","article_publisher":"https:\/\/www.facebook.com\/BeHomeMallorca","article_published_time":"2018-04-26T12:48:34+00:00","article_modified_time":"2018-04-29T08:49:19+00:00","og_image":[{"width":600,"height":419,"url":"https:\/\/www.behome-mallorca.com\/wp-content\/uploads\/2018\/04\/e8733255-8aa5-4ef9-8780-6a924000c96c.jpg","type":"image\/jpeg"}],"author":"Marcus M\u00f6ller","twitter_card":"summary_large_image","twitter_creator":"@behomemallorca","twitter_site":"@behomemallorca","twitter_misc":{"Verfasst von":"Marcus M\u00f6ller","Gesch\u00e4tzte Lesezeit":"2\u00a0Minuten"},"schema":{"@context":"https:\/\/schema.org","@graph":[{"@type":"Article","@id":"https:\/\/www.behome-mallorca.com\/de\/fruehlingserwachen-auf-der-insel\/#article","isPartOf":{"@id":"https:\/\/www.behome-mallorca.com\/de\/fruehlingserwachen-auf-der-insel\/"},"author":{"name":"Marcus M\u00f6ller","@id":"https:\/\/www.behome-mallorca.com\/#\/schema\/person\/6de0b9dd15cf65eeed8772779fd3d7d1"},"headline":"Fr\u00fchlingserwachen auf der Insel","datePublished":"2018-04-26T12:48:34+00:00","dateModified":"2018-04-29T08:49:19+00:00","mainEntityOfPage":{"@id":"https:\/\/www.behome-mallorca.com\/de\/fruehlingserwachen-auf-der-insel\/"},"wordCount":441,"commentCount":0,"publisher":{"@id":"https:\/\/www.behome-mallorca.com\/#organization"},"image":{"@id":"https:\/\/www.behome-mallorca.com\/de\/fruehlingserwachen-auf-der-insel\/#primaryimage"},"thumbnailUrl":"https:\/\/www.behome-mallorca.com\/wp-content\/uploads\/2018\/04\/e8733255-8aa5-4ef9-8780-6a924000c96c.jpg","articleSection":["Neuigkeiten"],"inLanguage":"de","potentialAction":[{"@type":"CommentAction","name":"Comment","target":["https:\/\/www.behome-mallorca.com\/de\/fruehlingserwachen-auf-der-insel\/#respond"]}]},{"@type":"WebPage","@id":"https:\/\/www.behome-mallorca.com\/de\/fruehlingserwachen-auf-der-insel\/","url":"https:\/\/www.behome-mallorca.com\/de\/fruehlingserwachen-auf-der-insel\/","name":"Fr\u00fchlingserwachen auf der Insel - BeHome Mallorca","isPartOf":{"@id":"https:\/\/www.behome-mallorca.com\/#website"},"primaryImageOfPage":{"@id":"https:\/\/www.behome-mallorca.com\/de\/fruehlingserwachen-auf-der-insel\/#primaryimage"},"image":{"@id":"https:\/\/www.behome-mallorca.com\/de\/fruehlingserwachen-auf-der-insel\/#primaryimage"},"thumbnailUrl":"https:\/\/www.behome-mallorca.com\/wp-content\/uploads\/2018\/04\/e8733255-8aa5-4ef9-8780-6a924000c96c.jpg","datePublished":"2018-04-26T12:48:34+00:00","dateModified":"2018-04-29T08:49:19+00:00","breadcrumb":{"@id":"https:\/\/www.behome-mallorca.com\/de\/fruehlingserwachen-auf-der-insel\/#breadcrumb"},"inLanguage":"de","potentialAction":[{"@type":"ReadAction","target":["https:\/\/www.behome-mallorca.com\/de\/fruehlingserwachen-auf-der-insel\/"]}]},{"@type":"ImageObject","inLanguage":"de","@id":"https:\/\/www.behome-mallorca.com\/de\/fruehlingserwachen-auf-der-insel\/#primaryimage","url":"https:\/\/www.behome-mallorca.com\/wp-content\/uploads\/2018\/04\/e8733255-8aa5-4ef9-8780-6a924000c96c.jpg","contentUrl":"https:\/\/www.behome-mallorca.com\/wp-content\/uploads\/2018\/04\/e8733255-8aa5-4ef9-8780-6a924000c96c.jpg","width":600,"height":419},{"@type":"BreadcrumbList","@id":"https:\/\/www.behome-mallorca.com\/de\/fruehlingserwachen-auf-der-insel\/#breadcrumb","itemListElement":[{"@type":"ListItem","position":1,"name":"Home","item":"https:\/\/www.behome-mallorca.com\/de\/"},{"@type":"ListItem","position":2,"name":"Fr\u00fchlingserwachen auf der Insel"}]},{"@type":"WebSite","@id":"https:\/\/www.behome-mallorca.com\/#website","url":"https:\/\/www.behome-mallorca.com\/","name":"BeHome Mallorca","description":"Houses to live in","publisher":{"@id":"https:\/\/www.behome-mallorca.com\/#organization"},"potentialAction":[{"@type":"SearchAction","target":{"@type":"EntryPoint","urlTemplate":"https:\/\/www.behome-mallorca.com\/?s={search_term_string}"},"query-input":{"@type":"PropertyValueSpecification","valueRequired":true,"valueName":"search_term_string"}}],"inLanguage":"de"},{"@type":"Organization","@id":"https:\/\/www.behome-mallorca.com\/#organization","name":"BeHome Mallorca","url":"https:\/\/www.behome-mallorca.com\/","logo":{"@type":"ImageObject","inLanguage":"de","@id":"https:\/\/www.behome-mallorca.com\/#\/schema\/logo\/image\/","url":"https:\/\/www.behome-mallorca.com\/wp-content\/uploads\/2021\/02\/logo-black-gold.svg","contentUrl":"https:\/\/www.behome-mallorca.com\/wp-content\/uploads\/2021\/02\/logo-black-gold.svg","caption":"BeHome Mallorca"},"image":{"@id":"https:\/\/www.behome-mallorca.com\/#\/schema\/logo\/image\/"},"sameAs":["https:\/\/www.facebook.com\/BeHomeMallorca","https:\/\/x.com\/behomemallorca"]},{"@type":"Person","@id":"https:\/\/www.behome-mallorca.com\/#\/schema\/person\/6de0b9dd15cf65eeed8772779fd3d7d1","name":"Marcus M\u00f6ller","image":{"@type":"ImageObject","inLanguage":"de","@id":"https:\/\/www.behome-mallorca.com\/#\/schema\/person\/image\/","url":"https:\/\/secure.gravatar.com\/avatar\/54f9646202a209a78029198f019147cf629b6fc5c294113a58cf1cbcee2f5035?s=96&d=mm&r=g","contentUrl":"https:\/\/secure.gravatar.com\/avatar\/54f9646202a209a78029198f019147cf629b6fc5c294113a58cf1cbcee2f5035?s=96&d=mm&r=g","caption":"Marcus M\u00f6ller"},"sameAs":["http:\/\/www.potsdamwebdesign.de"]}]}},"_links":{"self":[{"href":"https:\/\/www.behome-mallorca.com\/de\/wp-json\/wp\/v2\/posts\/12957","targetHints":{"allow":["GET"]}}],"collection":[{"href":"https:\/\/www.behome-mallorca.com\/de\/wp-json\/wp\/v2\/posts"}],"about":[{"href":"https:\/\/www.behome-mallorca.com\/de\/wp-json\/wp\/v2\/types\/post"}],"author":[{"embeddable":true,"href":"https:\/\/www.behome-mallorca.com\/de\/wp-json\/wp\/v2\/users\/7"}],"replies":[{"embeddable":true,"href":"https:\/\/www.behome-mallorca.com\/de\/wp-json\/wp\/v2\/comments?post=12957"}],"version-history":[{"count":0,"href":"https:\/\/www.behome-mallorca.com\/de\/wp-json\/wp\/v2\/posts\/12957\/revisions"}],"wp:featuredmedia":[{"embeddable":true,"href":"https:\/\/www.behome-mallorca.com\/de\/wp-json\/wp\/v2\/media\/12958"}],"wp:attachment":[{"href":"https:\/\/www.behome-mallorca.com\/de\/wp-json\/wp\/v2\/media?parent=12957"}],"wp:term":[{"taxonomy":"category","embeddable":true,"href":"https:\/\/www.behome-mallorca.com\/de\/wp-json\/wp\/v2\/categories?post=12957"},{"taxonomy":"post_tag","embeddable":true,"href":"https:\/\/www.behome-mallorca.com\/de\/wp-json\/wp\/v2\/tags?post=12957"}],"curies":[{"name":"wp","href":"https:\/\/api.w.org\/{rel}","templated":true}]}}