{"id":13834,"date":"2018-07-23T11:32:38","date_gmt":"2018-07-23T09:32:38","guid":{"rendered":"https:\/\/www.behome-mallorca.com\/de\/?p=13834"},"modified":"2018-07-23T11:32:38","modified_gmt":"2018-07-23T09:32:38","slug":"traditionelles-picknick-auf-den-felsen","status":"publish","type":"post","link":"https:\/\/www.behome-mallorca.com\/de\/traditionelles-picknick-auf-den-felsen\/","title":{"rendered":"Traditionelles Picknick auf den Felsen"},"content":{"rendered":"<p>Hallo ihr lieben,<\/p>\n<p>Der Juli auf Mallorca steht f\u00fcr ausgiebige Strandtage, gem\u00fctliche Siestas und entspannende Sommerabende mit Blick auf den Sonnenuntergang \u00fcber dem Meer oder bei einem Glas Wein in netter Gesellschaft.<\/p>\n<p>In Portocolom ist auch in diesem Monat wieder einiges geboten. Auf jeden Fall solltet ihr einmal das \u201eSopar a penyes\u201c (Abendessen auf den Felsen) erlebt haben. Dieses Fest findet jedes Jahr am letzten Freitag im Juli statt, dieses Jahr also am 27.07. An diesem Abend treffen sich die Einheimischen mit Familie und Freunden am Strand S\u2019Arenal zu einem leckeren Picknick am Meer. Auch Touristen und Neuank\u00f6mmlinge sind jederzeit willkommen. Begleitet wird das Ganze von Musik und um Mitternacht mit einem sch\u00f6nen Feuerwerk, bei dem sich die Farbexplosionen auf der Wasseroberfl\u00e4che des Meeres spiegeln. Gefeiert wird bis in die Morgenstunden und wer sich traut kann in der Nacht auch noch einen Sprung ins Wasser wagen.<\/p>\n<p>Ein kulinarischer Tipp von uns um sich nach einem ausgiebigen Shoppingtag in Palma etwas zu g\u00f6nnen ist die beliebte Ruta Martiana (Tapas Route). F\u00fcr ca. 2\u20ac k\u00f6nnt ihr jeden Dienstag in verschiedenen Bars \u00fcberall in der Stadt eine kleine Tapa und ein Bier genie\u00dfen. Mittlerweile geh\u00f6ren 25 Kneipen zur Dienstags-Route. Mehr Informationen findet ihr unter folgendem Link: <a style=\"mso-line-height-rule: exactly; -ms-text-size-adjust: 100%; -webkit-text-size-adjust: 100%; color: #464646; font-weight: normal; text-decoration: underline;\" href=\"http:\/\/www.mallorca-nights.com\/n\/1090\/palma--ruta-martiana---tapas-mallorca\">http:\/\/www.mallorca-nights.com\/n\/1090\/palma&#8211;ruta-martiana&#8212;tapas-mallorca<\/a><\/p>\n<p>In unserem letzten Newsletter haben wir euch das neue Vermietgesetz vorgestellt, inzwischen gibt es Informationen \u00fcber die Preistabelle f\u00fcr den Kauf von Touristenpl\u00e4tzen in privaten Wohneinheiten, die touristische Aufenthalte in besagten Wohnungen vermarkten m\u00f6chten, welche demn\u00e4chst genehmigt werden soll. Mehr Information hierzu k\u00f6nnt ihr wieder bei unserem Partner Illeslex nachlesen, der uns freundlicherweise folgenden Link zur Verf\u00fcgung gestellt haben: <a style=\"mso-line-height-rule: exactly; -ms-text-size-adjust: 100%; -webkit-text-size-adjust: 100%; color: #464646; font-weight: normal; text-decoration: underline;\" href=\"https:\/\/www.illeslex.com\/de\/preisvorschlag-fur-den-kauf-von-touristischen-platzen-in-wohneinheitten\/\" target=\"_blank\">https:\/\/www.illeslex.com\/de\/preisvorschlag-fur-den-kauf-von-touristischen-platzen-in-wohneinheitten\/<\/a><\/p>\n<p>Einen wundersch\u00f6nen Juli w\u00fcnschen euch von Herzen<\/p>\n<img fetchpriority=\"high\" decoding=\"async\" class=\"aligncenter size-full wp-image-13029\" src=\"https:\/\/www.behome-mallorca.com\/wp-content\/uploads\/2018\/04\/signatur-newsletter-201804.jpg\" alt=\"signatur-newsletter-201804\" width=\"600\" height=\"174\" \/>\n","protected":false},"excerpt":{"rendered":"<p>Hallo ihr lieben, Der Juli auf Mallorca steht f\u00fcr ausgiebige Strandtage, gem\u00fctliche Siestas und entspannende Sommerabende mit Blick auf den Sonnenuntergang \u00fcber dem Meer oder bei einem Glas Wein in netter Gesellschaft. In Portocolom ist auch in diesem Monat wieder einiges geboten. Auf jeden Fall solltet ihr einmal das \u201eSopar a penyes\u201c (Abendessen auf den [&hellip;]<\/p>\n","protected":false},"author":7,"featured_media":13835,"comment_status":"open","ping_status":"open","sticky":false,"template":"","format":"standard","meta":{"_acf_changed":false,"footnotes":""},"categories":[82],"tags":[],"class_list":["post-13834","post","type-post","status-publish","format-standard","has-post-thumbnail","hentry","category-news-de"],"acf":[],"yoast_head":"<!-- This site is optimized with the Yoast SEO plugin v26.4 - https:\/\/yoast.com\/wordpress\/plugins\/seo\/ -->\n<title>Traditionelles Picknick auf den Felsen - BeHome Mallorca<\/title>\n<meta name=\"robots\" content=\"index, follow, max-snippet:-1, max-image-preview:large, max-video-preview:-1\" \/>\n<link rel=\"canonical\" href=\"https:\/\/www.behome-mallorca.com\/de\/traditionelles-picknick-auf-den-felsen\/\" \/>\n<meta property=\"og:locale\" content=\"de_DE\" \/>\n<meta property=\"og:type\" content=\"article\" \/>\n<meta property=\"og:title\" content=\"Traditionelles Picknick auf den Felsen - BeHome Mallorca\" \/>\n<meta property=\"og:description\" content=\"Hallo ihr lieben, Der Juli auf Mallorca steht f\u00fcr ausgiebige Strandtage, gem\u00fctliche Siestas und entspannende Sommerabende mit Blick auf den Sonnenuntergang \u00fcber dem Meer oder bei einem Glas Wein in netter Gesellschaft. In Portocolom ist auch in diesem Monat wieder einiges geboten. Auf jeden Fall solltet ihr einmal das \u201eSopar a penyes\u201c (Abendessen auf den [&hellip;]\" \/>\n<meta property=\"og:url\" content=\"https:\/\/www.behome-mallorca.com\/de\/traditionelles-picknick-auf-den-felsen\/\" \/>\n<meta property=\"og:site_name\" content=\"BeHome Mallorca\" \/>\n<meta property=\"article:publisher\" content=\"https:\/\/www.facebook.com\/BeHomeMallorca\" \/>\n<meta property=\"article:published_time\" content=\"2018-07-23T09:32:38+00:00\" \/>\n<meta property=\"og:image\" content=\"https:\/\/www.behome-mallorca.com\/wp-content\/uploads\/2018\/07\/newsletter-juli-2018.jpg\" \/>\n\t<meta property=\"og:image:width\" content=\"600\" \/>\n\t<meta property=\"og:image:height\" content=\"412\" \/>\n\t<meta property=\"og:image:type\" content=\"image\/jpeg\" \/>\n<meta name=\"author\" content=\"Marcus M\u00f6ller\" \/>\n<meta name=\"twitter:card\" content=\"summary_large_image\" \/>\n<meta name=\"twitter:creator\" content=\"@behomemallorca\" \/>\n<meta name=\"twitter:site\" content=\"@behomemallorca\" \/>\n<meta name=\"twitter:label1\" content=\"Verfasst von\" \/>\n\t<meta name=\"twitter:data1\" content=\"Marcus M\u00f6ller\" \/>\n\t<meta name=\"twitter:label2\" content=\"Gesch\u00e4tzte Lesezeit\" \/>\n\t<meta name=\"twitter:data2\" content=\"1\u00a0Minute\" \/>\n<script type=\"application\/ld+json\" class=\"yoast-schema-graph\">{\"@context\":\"https:\/\/schema.org\",\"@graph\":[{\"@type\":\"Article\",\"@id\":\"https:\/\/www.behome-mallorca.com\/de\/traditionelles-picknick-auf-den-felsen\/#article\",\"isPartOf\":{\"@id\":\"https:\/\/www.behome-mallorca.com\/de\/traditionelles-picknick-auf-den-felsen\/\"},\"author\":{\"name\":\"Marcus M\u00f6ller\",\"@id\":\"https:\/\/www.behome-mallorca.com\/#\/schema\/person\/6de0b9dd15cf65eeed8772779fd3d7d1\"},\"headline\":\"Traditionelles Picknick auf den Felsen\",\"datePublished\":\"2018-07-23T09:32:38+00:00\",\"mainEntityOfPage\":{\"@id\":\"https:\/\/www.behome-mallorca.com\/de\/traditionelles-picknick-auf-den-felsen\/\"},\"wordCount\":302,\"commentCount\":0,\"publisher\":{\"@id\":\"https:\/\/www.behome-mallorca.com\/#organization\"},\"image\":{\"@id\":\"https:\/\/www.behome-mallorca.com\/de\/traditionelles-picknick-auf-den-felsen\/#primaryimage\"},\"thumbnailUrl\":\"https:\/\/www.behome-mallorca.com\/wp-content\/uploads\/2018\/07\/newsletter-juli-2018.jpg\",\"articleSection\":[\"Neuigkeiten\"],\"inLanguage\":\"de\",\"potentialAction\":[{\"@type\":\"CommentAction\",\"name\":\"Comment\",\"target\":[\"https:\/\/www.behome-mallorca.com\/de\/traditionelles-picknick-auf-den-felsen\/#respond\"]}]},{\"@type\":\"WebPage\",\"@id\":\"https:\/\/www.behome-mallorca.com\/de\/traditionelles-picknick-auf-den-felsen\/\",\"url\":\"https:\/\/www.behome-mallorca.com\/de\/traditionelles-picknick-auf-den-felsen\/\",\"name\":\"Traditionelles Picknick auf den Felsen - BeHome Mallorca\",\"isPartOf\":{\"@id\":\"https:\/\/www.behome-mallorca.com\/#website\"},\"primaryImageOfPage\":{\"@id\":\"https:\/\/www.behome-mallorca.com\/de\/traditionelles-picknick-auf-den-felsen\/#primaryimage\"},\"image\":{\"@id\":\"https:\/\/www.behome-mallorca.com\/de\/traditionelles-picknick-auf-den-felsen\/#primaryimage\"},\"thumbnailUrl\":\"https:\/\/www.behome-mallorca.com\/wp-content\/uploads\/2018\/07\/newsletter-juli-2018.jpg\",\"datePublished\":\"2018-07-23T09:32:38+00:00\",\"breadcrumb\":{\"@id\":\"https:\/\/www.behome-mallorca.com\/de\/traditionelles-picknick-auf-den-felsen\/#breadcrumb\"},\"inLanguage\":\"de\",\"potentialAction\":[{\"@type\":\"ReadAction\",\"target\":[\"https:\/\/www.behome-mallorca.com\/de\/traditionelles-picknick-auf-den-felsen\/\"]}]},{\"@type\":\"ImageObject\",\"inLanguage\":\"de\",\"@id\":\"https:\/\/www.behome-mallorca.com\/de\/traditionelles-picknick-auf-den-felsen\/#primaryimage\",\"url\":\"https:\/\/www.behome-mallorca.com\/wp-content\/uploads\/2018\/07\/newsletter-juli-2018.jpg\",\"contentUrl\":\"https:\/\/www.behome-mallorca.com\/wp-content\/uploads\/2018\/07\/newsletter-juli-2018.jpg\",\"width\":600,\"height\":412},{\"@type\":\"BreadcrumbList\",\"@id\":\"https:\/\/www.behome-mallorca.com\/de\/traditionelles-picknick-auf-den-felsen\/#breadcrumb\",\"itemListElement\":[{\"@type\":\"ListItem\",\"position\":1,\"name\":\"Home\",\"item\":\"https:\/\/www.behome-mallorca.com\/de\/\"},{\"@type\":\"ListItem\",\"position\":2,\"name\":\"Traditionelles Picknick auf den Felsen\"}]},{\"@type\":\"WebSite\",\"@id\":\"https:\/\/www.behome-mallorca.com\/#website\",\"url\":\"https:\/\/www.behome-mallorca.com\/\",\"name\":\"BeHome Mallorca\",\"description\":\"Houses to live in\",\"publisher\":{\"@id\":\"https:\/\/www.behome-mallorca.com\/#organization\"},\"potentialAction\":[{\"@type\":\"SearchAction\",\"target\":{\"@type\":\"EntryPoint\",\"urlTemplate\":\"https:\/\/www.behome-mallorca.com\/?s={search_term_string}\"},\"query-input\":{\"@type\":\"PropertyValueSpecification\",\"valueRequired\":true,\"valueName\":\"search_term_string\"}}],\"inLanguage\":\"de\"},{\"@type\":\"Organization\",\"@id\":\"https:\/\/www.behome-mallorca.com\/#organization\",\"name\":\"BeHome Mallorca\",\"url\":\"https:\/\/www.behome-mallorca.com\/\",\"logo\":{\"@type\":\"ImageObject\",\"inLanguage\":\"de\",\"@id\":\"https:\/\/www.behome-mallorca.com\/#\/schema\/logo\/image\/\",\"url\":\"https:\/\/www.behome-mallorca.com\/wp-content\/uploads\/2021\/02\/logo-black-gold.svg\",\"contentUrl\":\"https:\/\/www.behome-mallorca.com\/wp-content\/uploads\/2021\/02\/logo-black-gold.svg\",\"caption\":\"BeHome Mallorca\"},\"image\":{\"@id\":\"https:\/\/www.behome-mallorca.com\/#\/schema\/logo\/image\/\"},\"sameAs\":[\"https:\/\/www.facebook.com\/BeHomeMallorca\",\"https:\/\/x.com\/behomemallorca\"]},{\"@type\":\"Person\",\"@id\":\"https:\/\/www.behome-mallorca.com\/#\/schema\/person\/6de0b9dd15cf65eeed8772779fd3d7d1\",\"name\":\"Marcus M\u00f6ller\",\"image\":{\"@type\":\"ImageObject\",\"inLanguage\":\"de\",\"@id\":\"https:\/\/www.behome-mallorca.com\/#\/schema\/person\/image\/\",\"url\":\"https:\/\/secure.gravatar.com\/avatar\/54f9646202a209a78029198f019147cf629b6fc5c294113a58cf1cbcee2f5035?s=96&d=mm&r=g\",\"contentUrl\":\"https:\/\/secure.gravatar.com\/avatar\/54f9646202a209a78029198f019147cf629b6fc5c294113a58cf1cbcee2f5035?s=96&d=mm&r=g\",\"caption\":\"Marcus M\u00f6ller\"},\"sameAs\":[\"http:\/\/www.potsdamwebdesign.de\"]}]}<\/script>\n<!-- \/ Yoast SEO plugin. -->","yoast_head_json":{"title":"Traditionelles Picknick auf den Felsen - BeHome Mallorca","robots":{"index":"index","follow":"follow","max-snippet":"max-snippet:-1","max-image-preview":"max-image-preview:large","max-video-preview":"max-video-preview:-1"},"canonical":"https:\/\/www.behome-mallorca.com\/de\/traditionelles-picknick-auf-den-felsen\/","og_locale":"de_DE","og_type":"article","og_title":"Traditionelles Picknick auf den Felsen - BeHome Mallorca","og_description":"Hallo ihr lieben, Der Juli auf Mallorca steht f\u00fcr ausgiebige Strandtage, gem\u00fctliche Siestas und entspannende Sommerabende mit Blick auf den Sonnenuntergang \u00fcber dem Meer oder bei einem Glas Wein in netter Gesellschaft. In Portocolom ist auch in diesem Monat wieder einiges geboten. Auf jeden Fall solltet ihr einmal das \u201eSopar a penyes\u201c (Abendessen auf den [&hellip;]","og_url":"https:\/\/www.behome-mallorca.com\/de\/traditionelles-picknick-auf-den-felsen\/","og_site_name":"BeHome Mallorca","article_publisher":"https:\/\/www.facebook.com\/BeHomeMallorca","article_published_time":"2018-07-23T09:32:38+00:00","og_image":[{"width":600,"height":412,"url":"https:\/\/www.behome-mallorca.com\/wp-content\/uploads\/2018\/07\/newsletter-juli-2018.jpg","type":"image\/jpeg"}],"author":"Marcus M\u00f6ller","twitter_card":"summary_large_image","twitter_creator":"@behomemallorca","twitter_site":"@behomemallorca","twitter_misc":{"Verfasst von":"Marcus M\u00f6ller","Gesch\u00e4tzte Lesezeit":"1\u00a0Minute"},"schema":{"@context":"https:\/\/schema.org","@graph":[{"@type":"Article","@id":"https:\/\/www.behome-mallorca.com\/de\/traditionelles-picknick-auf-den-felsen\/#article","isPartOf":{"@id":"https:\/\/www.behome-mallorca.com\/de\/traditionelles-picknick-auf-den-felsen\/"},"author":{"name":"Marcus M\u00f6ller","@id":"https:\/\/www.behome-mallorca.com\/#\/schema\/person\/6de0b9dd15cf65eeed8772779fd3d7d1"},"headline":"Traditionelles Picknick auf den Felsen","datePublished":"2018-07-23T09:32:38+00:00","mainEntityOfPage":{"@id":"https:\/\/www.behome-mallorca.com\/de\/traditionelles-picknick-auf-den-felsen\/"},"wordCount":302,"commentCount":0,"publisher":{"@id":"https:\/\/www.behome-mallorca.com\/#organization"},"image":{"@id":"https:\/\/www.behome-mallorca.com\/de\/traditionelles-picknick-auf-den-felsen\/#primaryimage"},"thumbnailUrl":"https:\/\/www.behome-mallorca.com\/wp-content\/uploads\/2018\/07\/newsletter-juli-2018.jpg","articleSection":["Neuigkeiten"],"inLanguage":"de","potentialAction":[{"@type":"CommentAction","name":"Comment","target":["https:\/\/www.behome-mallorca.com\/de\/traditionelles-picknick-auf-den-felsen\/#respond"]}]},{"@type":"WebPage","@id":"https:\/\/www.behome-mallorca.com\/de\/traditionelles-picknick-auf-den-felsen\/","url":"https:\/\/www.behome-mallorca.com\/de\/traditionelles-picknick-auf-den-felsen\/","name":"Traditionelles Picknick auf den Felsen - BeHome Mallorca","isPartOf":{"@id":"https:\/\/www.behome-mallorca.com\/#website"},"primaryImageOfPage":{"@id":"https:\/\/www.behome-mallorca.com\/de\/traditionelles-picknick-auf-den-felsen\/#primaryimage"},"image":{"@id":"https:\/\/www.behome-mallorca.com\/de\/traditionelles-picknick-auf-den-felsen\/#primaryimage"},"thumbnailUrl":"https:\/\/www.behome-mallorca.com\/wp-content\/uploads\/2018\/07\/newsletter-juli-2018.jpg","datePublished":"2018-07-23T09:32:38+00:00","breadcrumb":{"@id":"https:\/\/www.behome-mallorca.com\/de\/traditionelles-picknick-auf-den-felsen\/#breadcrumb"},"inLanguage":"de","potentialAction":[{"@type":"ReadAction","target":["https:\/\/www.behome-mallorca.com\/de\/traditionelles-picknick-auf-den-felsen\/"]}]},{"@type":"ImageObject","inLanguage":"de","@id":"https:\/\/www.behome-mallorca.com\/de\/traditionelles-picknick-auf-den-felsen\/#primaryimage","url":"https:\/\/www.behome-mallorca.com\/wp-content\/uploads\/2018\/07\/newsletter-juli-2018.jpg","contentUrl":"https:\/\/www.behome-mallorca.com\/wp-content\/uploads\/2018\/07\/newsletter-juli-2018.jpg","width":600,"height":412},{"@type":"BreadcrumbList","@id":"https:\/\/www.behome-mallorca.com\/de\/traditionelles-picknick-auf-den-felsen\/#breadcrumb","itemListElement":[{"@type":"ListItem","position":1,"name":"Home","item":"https:\/\/www.behome-mallorca.com\/de\/"},{"@type":"ListItem","position":2,"name":"Traditionelles Picknick auf den Felsen"}]},{"@type":"WebSite","@id":"https:\/\/www.behome-mallorca.com\/#website","url":"https:\/\/www.behome-mallorca.com\/","name":"BeHome Mallorca","description":"Houses to live in","publisher":{"@id":"https:\/\/www.behome-mallorca.com\/#organization"},"potentialAction":[{"@type":"SearchAction","target":{"@type":"EntryPoint","urlTemplate":"https:\/\/www.behome-mallorca.com\/?s={search_term_string}"},"query-input":{"@type":"PropertyValueSpecification","valueRequired":true,"valueName":"search_term_string"}}],"inLanguage":"de"},{"@type":"Organization","@id":"https:\/\/www.behome-mallorca.com\/#organization","name":"BeHome Mallorca","url":"https:\/\/www.behome-mallorca.com\/","logo":{"@type":"ImageObject","inLanguage":"de","@id":"https:\/\/www.behome-mallorca.com\/#\/schema\/logo\/image\/","url":"https:\/\/www.behome-mallorca.com\/wp-content\/uploads\/2021\/02\/logo-black-gold.svg","contentUrl":"https:\/\/www.behome-mallorca.com\/wp-content\/uploads\/2021\/02\/logo-black-gold.svg","caption":"BeHome Mallorca"},"image":{"@id":"https:\/\/www.behome-mallorca.com\/#\/schema\/logo\/image\/"},"sameAs":["https:\/\/www.facebook.com\/BeHomeMallorca","https:\/\/x.com\/behomemallorca"]},{"@type":"Person","@id":"https:\/\/www.behome-mallorca.com\/#\/schema\/person\/6de0b9dd15cf65eeed8772779fd3d7d1","name":"Marcus M\u00f6ller","image":{"@type":"ImageObject","inLanguage":"de","@id":"https:\/\/www.behome-mallorca.com\/#\/schema\/person\/image\/","url":"https:\/\/secure.gravatar.com\/avatar\/54f9646202a209a78029198f019147cf629b6fc5c294113a58cf1cbcee2f5035?s=96&d=mm&r=g","contentUrl":"https:\/\/secure.gravatar.com\/avatar\/54f9646202a209a78029198f019147cf629b6fc5c294113a58cf1cbcee2f5035?s=96&d=mm&r=g","caption":"Marcus M\u00f6ller"},"sameAs":["http:\/\/www.potsdamwebdesign.de"]}]}},"_links":{"self":[{"href":"https:\/\/www.behome-mallorca.com\/de\/wp-json\/wp\/v2\/posts\/13834","targetHints":{"allow":["GET"]}}],"collection":[{"href":"https:\/\/www.behome-mallorca.com\/de\/wp-json\/wp\/v2\/posts"}],"about":[{"href":"https:\/\/www.behome-mallorca.com\/de\/wp-json\/wp\/v2\/types\/post"}],"author":[{"embeddable":true,"href":"https:\/\/www.behome-mallorca.com\/de\/wp-json\/wp\/v2\/users\/7"}],"replies":[{"embeddable":true,"href":"https:\/\/www.behome-mallorca.com\/de\/wp-json\/wp\/v2\/comments?post=13834"}],"version-history":[{"count":0,"href":"https:\/\/www.behome-mallorca.com\/de\/wp-json\/wp\/v2\/posts\/13834\/revisions"}],"wp:featuredmedia":[{"embeddable":true,"href":"https:\/\/www.behome-mallorca.com\/de\/wp-json\/wp\/v2\/media\/13835"}],"wp:attachment":[{"href":"https:\/\/www.behome-mallorca.com\/de\/wp-json\/wp\/v2\/media?parent=13834"}],"wp:term":[{"taxonomy":"category","embeddable":true,"href":"https:\/\/www.behome-mallorca.com\/de\/wp-json\/wp\/v2\/categories?post=13834"},{"taxonomy":"post_tag","embeddable":true,"href":"https:\/\/www.behome-mallorca.com\/de\/wp-json\/wp\/v2\/tags?post=13834"}],"curies":[{"name":"wp","href":"https:\/\/api.w.org\/{rel}","templated":true}]}}