{"id":14060,"date":"2018-08-22T12:46:58","date_gmt":"2018-08-22T10:46:58","guid":{"rendered":"https:\/\/www.behome-mallorca.com\/es\/disfrutar-del-verano-hasta-el-ultimo-momento\/"},"modified":"2018-08-22T12:46:58","modified_gmt":"2018-08-22T10:46:58","slug":"disfrutar-del-verano-hasta-el-ultimo-momento","status":"publish","type":"post","link":"https:\/\/www.behome-mallorca.com\/es\/disfrutar-del-verano-hasta-el-ultimo-momento\/","title":{"rendered":"Disfrutar del verano hasta el \u00faltimo momento"},"content":{"rendered":"<p>Queridos amigos,<\/p>\n<p>a\u00fan estamos disfrutando de los largos d\u00edas de playa y de los c\u00e1lidos rayos de sol, pero pronto ser\u00e1 hora de volver al trabajo y tambi\u00e9n a la escuela.<\/p>\n<p>Cabe destacar un evento especial antes de que termine el verano: las populares Fiestas de Sant Agust\u00ed del t\u00e9rmino municipal de Felanitx, que empiezan el 23 de agosto. Pod\u00e9is consultar el programa entero en la p\u00e1gina web del ayuntamiento de Felanitx: <a href=\"http:\/\/felanitx.org\/web\/ca\/2018\/06\/20\/programa-destiu-a-felanitx-i-portocolom\/\">http:\/\/felanitx.org\/web\/ca\/2018\/06\/20\/programa-destiu-a-felanitx-i-portocolom\/<\/a><\/p>\n<p>Os queremos recomendar uno de nuestros eventos preferidos. El 24 de agosto a partir de las 21h pod\u00e9is admirar diferentes exhibiciones de arte en distintas galer\u00edas y peque\u00f1as tiendas de toda la ciudad. Vale la pena hacer una peque\u00f1a ruta hacia los distinto sitios para disfrutar no solo del arte, sino tambi\u00e9n de las peque\u00f1as tapas que se ofrecen. Habr\u00e1 m\u00fasica en la calle para acompa\u00f1ar la noche cultural. Ser\u00e1 posible visitar las exhibiciones hasta el 6 de octubre.<\/p>\n<p>A principios de septiembre los turistas empiezan a abandonar la isla y los peninsulares vuelven a casa. Tambi\u00e9n los residentes vuelven de los pueblos costeros al interior. Hay que volver al trabajo y empieza un nuevo a\u00f1o escolar. En Portocolom se empieza a tener tiempo para otras actividades. Nos gustar\u00eda recomendaros dos sitios. Primero, ten\u00e9is que echar un vistazo a la boutique Es Cant\u00f3, la cual ofrece preciosos art\u00edculos de decoraci\u00f3n, as\u00ed como algunas prendas de vestir especiales. Para haceros una idea de lo que ofrecen pod\u00e9is visitar su p\u00e1gina web mediante el siguiente enlace: <a href=\"http:\/\/escanto.es\/\">http:\/\/escanto.es\/<\/a><\/p>\n<p>La segunda recomendaci\u00f3n es la Art Boutique de Britta Hurter en la Calle Capit\u00e1n Barcel\u00f3 28. Aqu\u00ed pod\u00e9is encontrar hermosas pinturas de la artista, as\u00ed como decoraci\u00f3n exclusiva y selecta y regalos.<\/p>\n<p>Os deseamos un buen comienzo en el trabajo y esperamos volver a veros muy pronto en nuestra bonita isla,<\/p>\n<img fetchpriority=\"high\" decoding=\"async\" class=\"aligncenter size-full wp-image-13029\" src=\"https:\/\/www.behome-mallorca.com\/wp-content\/uploads\/2018\/04\/signatur-newsletter-201804.jpg\" alt=\"signatur-newsletter-201804\" width=\"600\" height=\"174\" \/>\n","protected":false},"excerpt":{"rendered":"<p>Queridos amigos, a\u00fan estamos disfrutando de los largos d\u00edas de playa y de los c\u00e1lidos rayos de sol, pero pronto ser\u00e1 hora de volver al trabajo y tambi\u00e9n a la escuela. Cabe destacar un evento especial antes de que termine el verano: las populares Fiestas de Sant Agust\u00ed del t\u00e9rmino municipal de Felanitx, que empiezan [&hellip;]<\/p>\n","protected":false},"author":7,"featured_media":14057,"comment_status":"open","ping_status":"open","sticky":false,"template":"","format":"standard","meta":{"_acf_changed":false,"footnotes":""},"categories":[81],"tags":[],"class_list":["post-14060","post","type-post","status-publish","format-standard","has-post-thumbnail","hentry","category-informativa"],"acf":[],"yoast_head":"<!-- This site is optimized with the Yoast SEO plugin v26.4 - https:\/\/yoast.com\/wordpress\/plugins\/seo\/ -->\n<title>Disfrutar del verano hasta el \u00faltimo momento - BeHome Mallorca<\/title>\n<meta name=\"robots\" content=\"index, follow, max-snippet:-1, max-image-preview:large, max-video-preview:-1\" \/>\n<link rel=\"canonical\" href=\"https:\/\/www.behome-mallorca.com\/es\/disfrutar-del-verano-hasta-el-ultimo-momento\/\" \/>\n<meta property=\"og:locale\" content=\"es_ES\" \/>\n<meta property=\"og:type\" content=\"article\" \/>\n<meta property=\"og:title\" content=\"Disfrutar del verano hasta el \u00faltimo momento - BeHome Mallorca\" \/>\n<meta property=\"og:description\" content=\"Queridos amigos, a\u00fan estamos disfrutando de los largos d\u00edas de playa y de los c\u00e1lidos rayos de sol, pero pronto ser\u00e1 hora de volver al trabajo y tambi\u00e9n a la escuela. Cabe destacar un evento especial antes de que termine el verano: las populares Fiestas de Sant Agust\u00ed del t\u00e9rmino municipal de Felanitx, que empiezan [&hellip;]\" \/>\n<meta property=\"og:url\" content=\"https:\/\/www.behome-mallorca.com\/es\/disfrutar-del-verano-hasta-el-ultimo-momento\/\" \/>\n<meta property=\"og:site_name\" content=\"BeHome Mallorca\" \/>\n<meta property=\"article:publisher\" content=\"https:\/\/www.facebook.com\/BeHomeMallorca\" \/>\n<meta property=\"article:published_time\" content=\"2018-08-22T10:46:58+00:00\" \/>\n<meta property=\"og:image\" content=\"https:\/\/www.behome-mallorca.com\/wp-content\/uploads\/2018\/08\/AdobeStock_168615149.jpeg\" \/>\n\t<meta property=\"og:image:width\" content=\"640\" \/>\n\t<meta property=\"og:image:height\" content=\"427\" \/>\n\t<meta property=\"og:image:type\" content=\"image\/jpeg\" \/>\n<meta name=\"author\" content=\"Marcus M\u00f6ller\" \/>\n<meta name=\"twitter:card\" content=\"summary_large_image\" \/>\n<meta name=\"twitter:creator\" content=\"@behomemallorca\" \/>\n<meta name=\"twitter:site\" content=\"@behomemallorca\" \/>\n<meta name=\"twitter:label1\" content=\"Escrito por\" \/>\n\t<meta name=\"twitter:data1\" content=\"Marcus M\u00f6ller\" \/>\n\t<meta name=\"twitter:label2\" content=\"Tiempo de lectura\" \/>\n\t<meta name=\"twitter:data2\" content=\"2 minutos\" \/>\n<script type=\"application\/ld+json\" class=\"yoast-schema-graph\">{\"@context\":\"https:\/\/schema.org\",\"@graph\":[{\"@type\":\"Article\",\"@id\":\"https:\/\/www.behome-mallorca.com\/es\/disfrutar-del-verano-hasta-el-ultimo-momento\/#article\",\"isPartOf\":{\"@id\":\"https:\/\/www.behome-mallorca.com\/es\/disfrutar-del-verano-hasta-el-ultimo-momento\/\"},\"author\":{\"name\":\"Marcus M\u00f6ller\",\"@id\":\"https:\/\/www.behome-mallorca.com\/#\/schema\/person\/6de0b9dd15cf65eeed8772779fd3d7d1\"},\"headline\":\"Disfrutar del verano hasta el \u00faltimo momento\",\"datePublished\":\"2018-08-22T10:46:58+00:00\",\"mainEntityOfPage\":{\"@id\":\"https:\/\/www.behome-mallorca.com\/es\/disfrutar-del-verano-hasta-el-ultimo-momento\/\"},\"wordCount\":336,\"commentCount\":0,\"publisher\":{\"@id\":\"https:\/\/www.behome-mallorca.com\/#organization\"},\"image\":{\"@id\":\"https:\/\/www.behome-mallorca.com\/es\/disfrutar-del-verano-hasta-el-ultimo-momento\/#primaryimage\"},\"thumbnailUrl\":\"https:\/\/www.behome-mallorca.com\/wp-content\/uploads\/2018\/08\/AdobeStock_168615149.jpeg\",\"articleSection\":[\"informativa\"],\"inLanguage\":\"es\",\"potentialAction\":[{\"@type\":\"CommentAction\",\"name\":\"Comment\",\"target\":[\"https:\/\/www.behome-mallorca.com\/es\/disfrutar-del-verano-hasta-el-ultimo-momento\/#respond\"]}]},{\"@type\":\"WebPage\",\"@id\":\"https:\/\/www.behome-mallorca.com\/es\/disfrutar-del-verano-hasta-el-ultimo-momento\/\",\"url\":\"https:\/\/www.behome-mallorca.com\/es\/disfrutar-del-verano-hasta-el-ultimo-momento\/\",\"name\":\"Disfrutar del verano hasta el \u00faltimo momento - BeHome Mallorca\",\"isPartOf\":{\"@id\":\"https:\/\/www.behome-mallorca.com\/#website\"},\"primaryImageOfPage\":{\"@id\":\"https:\/\/www.behome-mallorca.com\/es\/disfrutar-del-verano-hasta-el-ultimo-momento\/#primaryimage\"},\"image\":{\"@id\":\"https:\/\/www.behome-mallorca.com\/es\/disfrutar-del-verano-hasta-el-ultimo-momento\/#primaryimage\"},\"thumbnailUrl\":\"https:\/\/www.behome-mallorca.com\/wp-content\/uploads\/2018\/08\/AdobeStock_168615149.jpeg\",\"datePublished\":\"2018-08-22T10:46:58+00:00\",\"breadcrumb\":{\"@id\":\"https:\/\/www.behome-mallorca.com\/es\/disfrutar-del-verano-hasta-el-ultimo-momento\/#breadcrumb\"},\"inLanguage\":\"es\",\"potentialAction\":[{\"@type\":\"ReadAction\",\"target\":[\"https:\/\/www.behome-mallorca.com\/es\/disfrutar-del-verano-hasta-el-ultimo-momento\/\"]}]},{\"@type\":\"ImageObject\",\"inLanguage\":\"es\",\"@id\":\"https:\/\/www.behome-mallorca.com\/es\/disfrutar-del-verano-hasta-el-ultimo-momento\/#primaryimage\",\"url\":\"https:\/\/www.behome-mallorca.com\/wp-content\/uploads\/2018\/08\/AdobeStock_168615149.jpeg\",\"contentUrl\":\"https:\/\/www.behome-mallorca.com\/wp-content\/uploads\/2018\/08\/AdobeStock_168615149.jpeg\",\"width\":640,\"height\":427,\"caption\":\"closeup of a young man in the beach showing a spiral notepad with the text I dont want to go back to work handwritten in it\"},{\"@type\":\"BreadcrumbList\",\"@id\":\"https:\/\/www.behome-mallorca.com\/es\/disfrutar-del-verano-hasta-el-ultimo-momento\/#breadcrumb\",\"itemListElement\":[{\"@type\":\"ListItem\",\"position\":1,\"name\":\"Home\",\"item\":\"https:\/\/www.behome-mallorca.com\/es\/\"},{\"@type\":\"ListItem\",\"position\":2,\"name\":\"Disfrutar del verano hasta el \u00faltimo momento\"}]},{\"@type\":\"WebSite\",\"@id\":\"https:\/\/www.behome-mallorca.com\/#website\",\"url\":\"https:\/\/www.behome-mallorca.com\/\",\"name\":\"BeHome Mallorca\",\"description\":\"Casas para vivir\",\"publisher\":{\"@id\":\"https:\/\/www.behome-mallorca.com\/#organization\"},\"potentialAction\":[{\"@type\":\"SearchAction\",\"target\":{\"@type\":\"EntryPoint\",\"urlTemplate\":\"https:\/\/www.behome-mallorca.com\/?s={search_term_string}\"},\"query-input\":{\"@type\":\"PropertyValueSpecification\",\"valueRequired\":true,\"valueName\":\"search_term_string\"}}],\"inLanguage\":\"es\"},{\"@type\":\"Organization\",\"@id\":\"https:\/\/www.behome-mallorca.com\/#organization\",\"name\":\"BeHome Mallorca\",\"url\":\"https:\/\/www.behome-mallorca.com\/\",\"logo\":{\"@type\":\"ImageObject\",\"inLanguage\":\"es\",\"@id\":\"https:\/\/www.behome-mallorca.com\/#\/schema\/logo\/image\/\",\"url\":\"https:\/\/www.behome-mallorca.com\/wp-content\/uploads\/2021\/02\/logo-black-gold.svg\",\"contentUrl\":\"https:\/\/www.behome-mallorca.com\/wp-content\/uploads\/2021\/02\/logo-black-gold.svg\",\"caption\":\"BeHome Mallorca\"},\"image\":{\"@id\":\"https:\/\/www.behome-mallorca.com\/#\/schema\/logo\/image\/\"},\"sameAs\":[\"https:\/\/www.facebook.com\/BeHomeMallorca\",\"https:\/\/x.com\/behomemallorca\"]},{\"@type\":\"Person\",\"@id\":\"https:\/\/www.behome-mallorca.com\/#\/schema\/person\/6de0b9dd15cf65eeed8772779fd3d7d1\",\"name\":\"Marcus M\u00f6ller\",\"image\":{\"@type\":\"ImageObject\",\"inLanguage\":\"es\",\"@id\":\"https:\/\/www.behome-mallorca.com\/#\/schema\/person\/image\/\",\"url\":\"https:\/\/secure.gravatar.com\/avatar\/54f9646202a209a78029198f019147cf629b6fc5c294113a58cf1cbcee2f5035?s=96&d=mm&r=g\",\"contentUrl\":\"https:\/\/secure.gravatar.com\/avatar\/54f9646202a209a78029198f019147cf629b6fc5c294113a58cf1cbcee2f5035?s=96&d=mm&r=g\",\"caption\":\"Marcus M\u00f6ller\"},\"sameAs\":[\"http:\/\/www.potsdamwebdesign.de\"]}]}<\/script>\n<!-- \/ Yoast SEO plugin. -->","yoast_head_json":{"title":"Disfrutar del verano hasta el \u00faltimo momento - BeHome Mallorca","robots":{"index":"index","follow":"follow","max-snippet":"max-snippet:-1","max-image-preview":"max-image-preview:large","max-video-preview":"max-video-preview:-1"},"canonical":"https:\/\/www.behome-mallorca.com\/es\/disfrutar-del-verano-hasta-el-ultimo-momento\/","og_locale":"es_ES","og_type":"article","og_title":"Disfrutar del verano hasta el \u00faltimo momento - BeHome Mallorca","og_description":"Queridos amigos, a\u00fan estamos disfrutando de los largos d\u00edas de playa y de los c\u00e1lidos rayos de sol, pero pronto ser\u00e1 hora de volver al trabajo y tambi\u00e9n a la escuela. Cabe destacar un evento especial antes de que termine el verano: las populares Fiestas de Sant Agust\u00ed del t\u00e9rmino municipal de Felanitx, que empiezan [&hellip;]","og_url":"https:\/\/www.behome-mallorca.com\/es\/disfrutar-del-verano-hasta-el-ultimo-momento\/","og_site_name":"BeHome Mallorca","article_publisher":"https:\/\/www.facebook.com\/BeHomeMallorca","article_published_time":"2018-08-22T10:46:58+00:00","og_image":[{"width":640,"height":427,"url":"https:\/\/www.behome-mallorca.com\/wp-content\/uploads\/2018\/08\/AdobeStock_168615149.jpeg","type":"image\/jpeg"}],"author":"Marcus M\u00f6ller","twitter_card":"summary_large_image","twitter_creator":"@behomemallorca","twitter_site":"@behomemallorca","twitter_misc":{"Escrito por":"Marcus M\u00f6ller","Tiempo de lectura":"2 minutos"},"schema":{"@context":"https:\/\/schema.org","@graph":[{"@type":"Article","@id":"https:\/\/www.behome-mallorca.com\/es\/disfrutar-del-verano-hasta-el-ultimo-momento\/#article","isPartOf":{"@id":"https:\/\/www.behome-mallorca.com\/es\/disfrutar-del-verano-hasta-el-ultimo-momento\/"},"author":{"name":"Marcus M\u00f6ller","@id":"https:\/\/www.behome-mallorca.com\/#\/schema\/person\/6de0b9dd15cf65eeed8772779fd3d7d1"},"headline":"Disfrutar del verano hasta el \u00faltimo momento","datePublished":"2018-08-22T10:46:58+00:00","mainEntityOfPage":{"@id":"https:\/\/www.behome-mallorca.com\/es\/disfrutar-del-verano-hasta-el-ultimo-momento\/"},"wordCount":336,"commentCount":0,"publisher":{"@id":"https:\/\/www.behome-mallorca.com\/#organization"},"image":{"@id":"https:\/\/www.behome-mallorca.com\/es\/disfrutar-del-verano-hasta-el-ultimo-momento\/#primaryimage"},"thumbnailUrl":"https:\/\/www.behome-mallorca.com\/wp-content\/uploads\/2018\/08\/AdobeStock_168615149.jpeg","articleSection":["informativa"],"inLanguage":"es","potentialAction":[{"@type":"CommentAction","name":"Comment","target":["https:\/\/www.behome-mallorca.com\/es\/disfrutar-del-verano-hasta-el-ultimo-momento\/#respond"]}]},{"@type":"WebPage","@id":"https:\/\/www.behome-mallorca.com\/es\/disfrutar-del-verano-hasta-el-ultimo-momento\/","url":"https:\/\/www.behome-mallorca.com\/es\/disfrutar-del-verano-hasta-el-ultimo-momento\/","name":"Disfrutar del verano hasta el \u00faltimo momento - BeHome Mallorca","isPartOf":{"@id":"https:\/\/www.behome-mallorca.com\/#website"},"primaryImageOfPage":{"@id":"https:\/\/www.behome-mallorca.com\/es\/disfrutar-del-verano-hasta-el-ultimo-momento\/#primaryimage"},"image":{"@id":"https:\/\/www.behome-mallorca.com\/es\/disfrutar-del-verano-hasta-el-ultimo-momento\/#primaryimage"},"thumbnailUrl":"https:\/\/www.behome-mallorca.com\/wp-content\/uploads\/2018\/08\/AdobeStock_168615149.jpeg","datePublished":"2018-08-22T10:46:58+00:00","breadcrumb":{"@id":"https:\/\/www.behome-mallorca.com\/es\/disfrutar-del-verano-hasta-el-ultimo-momento\/#breadcrumb"},"inLanguage":"es","potentialAction":[{"@type":"ReadAction","target":["https:\/\/www.behome-mallorca.com\/es\/disfrutar-del-verano-hasta-el-ultimo-momento\/"]}]},{"@type":"ImageObject","inLanguage":"es","@id":"https:\/\/www.behome-mallorca.com\/es\/disfrutar-del-verano-hasta-el-ultimo-momento\/#primaryimage","url":"https:\/\/www.behome-mallorca.com\/wp-content\/uploads\/2018\/08\/AdobeStock_168615149.jpeg","contentUrl":"https:\/\/www.behome-mallorca.com\/wp-content\/uploads\/2018\/08\/AdobeStock_168615149.jpeg","width":640,"height":427,"caption":"closeup of a young man in the beach showing a spiral notepad with the text I dont want to go back to work handwritten in it"},{"@type":"BreadcrumbList","@id":"https:\/\/www.behome-mallorca.com\/es\/disfrutar-del-verano-hasta-el-ultimo-momento\/#breadcrumb","itemListElement":[{"@type":"ListItem","position":1,"name":"Home","item":"https:\/\/www.behome-mallorca.com\/es\/"},{"@type":"ListItem","position":2,"name":"Disfrutar del verano hasta el \u00faltimo momento"}]},{"@type":"WebSite","@id":"https:\/\/www.behome-mallorca.com\/#website","url":"https:\/\/www.behome-mallorca.com\/","name":"BeHome Mallorca","description":"Casas para vivir","publisher":{"@id":"https:\/\/www.behome-mallorca.com\/#organization"},"potentialAction":[{"@type":"SearchAction","target":{"@type":"EntryPoint","urlTemplate":"https:\/\/www.behome-mallorca.com\/?s={search_term_string}"},"query-input":{"@type":"PropertyValueSpecification","valueRequired":true,"valueName":"search_term_string"}}],"inLanguage":"es"},{"@type":"Organization","@id":"https:\/\/www.behome-mallorca.com\/#organization","name":"BeHome Mallorca","url":"https:\/\/www.behome-mallorca.com\/","logo":{"@type":"ImageObject","inLanguage":"es","@id":"https:\/\/www.behome-mallorca.com\/#\/schema\/logo\/image\/","url":"https:\/\/www.behome-mallorca.com\/wp-content\/uploads\/2021\/02\/logo-black-gold.svg","contentUrl":"https:\/\/www.behome-mallorca.com\/wp-content\/uploads\/2021\/02\/logo-black-gold.svg","caption":"BeHome Mallorca"},"image":{"@id":"https:\/\/www.behome-mallorca.com\/#\/schema\/logo\/image\/"},"sameAs":["https:\/\/www.facebook.com\/BeHomeMallorca","https:\/\/x.com\/behomemallorca"]},{"@type":"Person","@id":"https:\/\/www.behome-mallorca.com\/#\/schema\/person\/6de0b9dd15cf65eeed8772779fd3d7d1","name":"Marcus M\u00f6ller","image":{"@type":"ImageObject","inLanguage":"es","@id":"https:\/\/www.behome-mallorca.com\/#\/schema\/person\/image\/","url":"https:\/\/secure.gravatar.com\/avatar\/54f9646202a209a78029198f019147cf629b6fc5c294113a58cf1cbcee2f5035?s=96&d=mm&r=g","contentUrl":"https:\/\/secure.gravatar.com\/avatar\/54f9646202a209a78029198f019147cf629b6fc5c294113a58cf1cbcee2f5035?s=96&d=mm&r=g","caption":"Marcus M\u00f6ller"},"sameAs":["http:\/\/www.potsdamwebdesign.de"]}]}},"_links":{"self":[{"href":"https:\/\/www.behome-mallorca.com\/es\/wp-json\/wp\/v2\/posts\/14060","targetHints":{"allow":["GET"]}}],"collection":[{"href":"https:\/\/www.behome-mallorca.com\/es\/wp-json\/wp\/v2\/posts"}],"about":[{"href":"https:\/\/www.behome-mallorca.com\/es\/wp-json\/wp\/v2\/types\/post"}],"author":[{"embeddable":true,"href":"https:\/\/www.behome-mallorca.com\/es\/wp-json\/wp\/v2\/users\/7"}],"replies":[{"embeddable":true,"href":"https:\/\/www.behome-mallorca.com\/es\/wp-json\/wp\/v2\/comments?post=14060"}],"version-history":[{"count":0,"href":"https:\/\/www.behome-mallorca.com\/es\/wp-json\/wp\/v2\/posts\/14060\/revisions"}],"wp:featuredmedia":[{"embeddable":true,"href":"https:\/\/www.behome-mallorca.com\/es\/wp-json\/wp\/v2\/media\/14057"}],"wp:attachment":[{"href":"https:\/\/www.behome-mallorca.com\/es\/wp-json\/wp\/v2\/media?parent=14060"}],"wp:term":[{"taxonomy":"category","embeddable":true,"href":"https:\/\/www.behome-mallorca.com\/es\/wp-json\/wp\/v2\/categories?post=14060"},{"taxonomy":"post_tag","embeddable":true,"href":"https:\/\/www.behome-mallorca.com\/es\/wp-json\/wp\/v2\/tags?post=14060"}],"curies":[{"name":"wp","href":"https:\/\/api.w.org\/{rel}","templated":true}]}}